{"id":762,"date":"2012-05-09T17:46:48","date_gmt":"2012-05-10T03:46:48","guid":{"rendered":"http:\/\/localhost\/raapoto04292012\/?p=762"},"modified":"2014-08-27T08:30:06","modified_gmt":"2014-08-27T18:30:06","slug":"le-sams-magazine","status":"publish","type":"post","link":"https:\/\/www.lyceesamuelraapoto.com\/?p=762","title":{"rendered":"LE SAM\u2019S MAGAZINE"},"content":{"rendered":"<p>Depuis 2000, avec imagination, humour, cr\u00e9ativit\u00e9 et beaucoup de tendresse, le magazine du lyc\u00e9e se veut le reflet des tr\u00e8s nombreuses activit\u00e9s qui \u00e9maillent chaque ann\u00e9e scolaire et repr\u00e9sente aussi une formidable tribune d\u2019expression pour nos \u00e9l\u00e8ves.<\/p>\n<p>Mais il est surtout un album souvenir que chacun aura plaisir \u00e0 feuilleter, bien des ann\u00e9es apr\u00e8s l\u2019ach\u00e8vement de son passage au lyc\u00e9e.<br \/>\nQue d\u2019\u00e9motions, que de nostalgie, en retrouvant ses camarades de classe, ses professeurs ( !) ou les membres du personnel, ses amis, ses enfants ou bien encore ses parents !<br \/>\nQue de fous-rires en se revoyant soi-m\u00eame dans une danse, un chant, une animation, en sortie ou juste pris sur le vif dans la cour, en plein exploit sportif ou au contraire super bien habill\u00e9 pour une f\u00eate !<\/p>\n<p>Nous vous invitons ardemment \u00e0 venir feuilleter ces albums au lyc\u00e9e, plus pr\u00e9cis\u00e9ment au CDI (Centre d\u2019Orientation et d\u2019Information) situ\u00e9 au 1er \u00e9tage du B\u00e2timent A, juste \u00e0 l\u2019entr\u00e9e du lyc\u00e9e.<br \/>\nLa charmante \u00e9quipe de documentalistes \u00e0 l\u2019accueil vous aidera \u00e0 retrouver le num\u00e9ro qui vous int\u00e9resse et que vous aurez identifi\u00e9 gr\u00e2ce aux ic\u00f4nes ci-dessous.<\/p>\n<p>Et \u00e0 partir de 2014, t\u00e9l\u00e9chargez ou consultez votre <a href=\"http:\/\/fr.scribd.com\/doc\/232011775\/Sam-s-mag-2014-BAT-pdf\" target=\"_blank\">\u00ab\u00a0<span style=\"color: #ff6600;\"><strong>Sam&rsquo;s\u00a0\u00bb en ligne<\/strong><\/span><\/a> !<\/p>\n","protected":false},"excerpt":{"rendered":"<p>Depuis 2000, avec imagination, humour, cr\u00e9ativit\u00e9 et beaucoup de tendresse, le magazine du lyc\u00e9e se veut le reflet des tr\u00e8s nombreuses activit\u00e9s qui \u00e9maillent chaque ann\u00e9e scolaire et repr\u00e9sente aussi une formidable tribune d\u2019expression pour nos \u00e9l\u00e8ves. Mais il est surtout un album souvenir que chacun aura plaisir \u00e0 feuilleter, bien des ann\u00e9es apr\u00e8s l\u2019ach\u00e8vement [&hellip;]<\/p>\n","protected":false},"author":2,"featured_media":0,"comment_status":"open","ping_status":"open","sticky":false,"template":"","format":"standard","meta":{"ngg_post_thumbnail":0,"footnotes":""},"categories":[74],"tags":[],"class_list":["post-762","post","type-post","status-publish","format-standard","hentry","category-texte-sams-mag"],"_links":{"self":[{"href":"https:\/\/www.lyceesamuelraapoto.com\/index.php?rest_route=\/wp\/v2\/posts\/762","targetHints":{"allow":["GET"]}}],"collection":[{"href":"https:\/\/www.lyceesamuelraapoto.com\/index.php?rest_route=\/wp\/v2\/posts"}],"about":[{"href":"https:\/\/www.lyceesamuelraapoto.com\/index.php?rest_route=\/wp\/v2\/types\/post"}],"author":[{"embeddable":true,"href":"https:\/\/www.lyceesamuelraapoto.com\/index.php?rest_route=\/wp\/v2\/users\/2"}],"replies":[{"embeddable":true,"href":"https:\/\/www.lyceesamuelraapoto.com\/index.php?rest_route=%2Fwp%2Fv2%2Fcomments&post=762"}],"version-history":[{"count":0,"href":"https:\/\/www.lyceesamuelraapoto.com\/index.php?rest_route=\/wp\/v2\/posts\/762\/revisions"}],"wp:attachment":[{"href":"https:\/\/www.lyceesamuelraapoto.com\/index.php?rest_route=%2Fwp%2Fv2%2Fmedia&parent=762"}],"wp:term":[{"taxonomy":"category","embeddable":true,"href":"https:\/\/www.lyceesamuelraapoto.com\/index.php?rest_route=%2Fwp%2Fv2%2Fcategories&post=762"},{"taxonomy":"post_tag","embeddable":true,"href":"https:\/\/www.lyceesamuelraapoto.com\/index.php?rest_route=%2Fwp%2Fv2%2Ftags&post=762"}],"curies":[{"name":"wp","href":"https:\/\/api.w.org\/{rel}","templated":true}]}}